{"id":683,"count":94,"description":"","link":"https:\/\/profifootball.eu\/cs\/category\/trenink\/herni-cviceni\/","name":"Hern\u00ed cvi\u010den\u00ed","slug":"herni-cviceni","taxonomy":"category","parent":676,"meta":[],"acf":[],"_links":{"self":[{"href":"https:\/\/profifootball.eu\/cs\/wp-json\/wp\/v2\/categories\/683","targetHints":{"allow":["GET"]}}],"collection":[{"href":"https:\/\/profifootball.eu\/cs\/wp-json\/wp\/v2\/categories"}],"about":[{"href":"https:\/\/profifootball.eu\/cs\/wp-json\/wp\/v2\/taxonomies\/category"}],"up":[{"embeddable":true,"href":"https:\/\/profifootball.eu\/cs\/wp-json\/wp\/v2\/categories\/676"}],"wp:post_type":[{"href":"https:\/\/profifootball.eu\/cs\/wp-json\/wp\/v2\/posts?categories=683"}],"curies":[{"name":"wp","href":"https:\/\/api.w.org\/{rel}","templated":true}]}}